{"id":7055,"date":"2021-01-24T15:16:10","date_gmt":"2021-01-24T14:16:10","guid":{"rendered":"https:\/\/reze-steanne-stjoseph.fr\/?p=7055"},"modified":"2023-03-23T10:12:39","modified_gmt":"2023-03-23T09:12:39","slug":"projet-jardin-pedagogique-nous-avons-besoin-de-vous","status":"publish","type":"post","link":"https:\/\/reze-steanne-stjoseph.fr\/?p=7055","title":{"rendered":"Projet jardin p\u00e9dagogique: nous avons besoin de vous!"},"content":{"rendered":"<div class=\"\">A l\u2019initiative d\u2019un groupe de parents enthousiastes et engag\u00e9s, nous allons mettre en place un potager \u00e0 l\u2019arri\u00e8re de l\u2019\u00e9cole primaire. L\u2019objectif est d\u2019y emmener r\u00e9guli\u00e8rement les enfants pour les sensibiliser \u00e0 l\u2019art et au plaisir du potager, cr\u00e9er et observer de la biodiversit\u00e9: tout cela en lien avec les apprentissages!<\/div>\n<div class=\"\">&nbsp;<\/div>\n<div class=\"\">Pour cela, nous avons besoin d\u2019aide pour construire des bacs et installer un r\u00e9cup\u00e9rateur d\u2019eau. Nous organisons donc une matin\u00e9e de travaux <a dir=\"ltr\" href=\"x-apple-data-detectors:\/\/1\">le 6 f\u00e9vrier \u00e0 partir de 9 heures<\/a>, entre parents. Si cela vous int\u00e9resse, merci de vous inscrire via le questionnaire que vous trouverez sur ce lien :&nbsp;<a class=\"\" href=\"https:\/\/framaforms.org\/on-lance-le-potager-de-st-jo-1611181760\">https:\/\/framaforms.org\/on-lance-le-potager-de-st-jo-1611181760<\/a>. Vous y trouverez \u00e9galement d\u2019autres demandes pour bien pr\u00e9parer cette matin\u00e9e.<\/div>\n<div class=\"\">&nbsp;<\/div>\n<div class=\"\">Cela promet d\u2019\u00eatre une matin\u00e9e sympathique et conviviale. Nous esp\u00e9rons vous y voir nombreux ! Vous serez contact\u00e9s par Nicolas Fordos et Maxime Perez (parents d\u2019\u00e9l\u00e8ves) suite \u00e0 votre inscription.<\/div>\n<div class=\"\">&nbsp;<\/div>\n<div class=\"\">Date limite d\u2019inscription : <a dir=\"ltr\" href=\"x-apple-data-detectors:\/\/3\">lundi 1er f\u00e9vrier<\/a>. Merci !<\/div>\n","protected":false},"excerpt":{"rendered":"<p>A l\u2019initiative d\u2019un groupe de parents enthousiastes et engag\u00e9s, nous allons mettre en place un potager \u00e0 l\u2019arri\u00e8re de l\u2019\u00e9cole [&hellip;]<\/p>\n","protected":false},"author":6,"featured_media":7056,"comment_status":"closed","ping_status":"closed","sticky":false,"template":"","format":"standard","meta":{"_uag_custom_page_level_css":"","site-sidebar-layout":"default","site-content-layout":"","ast-site-content-layout":"default","site-content-style":"default","site-sidebar-style":"default","ast-global-header-display":"","ast-banner-title-visibility":"","ast-main-header-display":"","ast-hfb-above-header-display":"","ast-hfb-below-header-display":"","ast-hfb-mobile-header-display":"","site-post-title":"","ast-breadcrumbs-content":"","ast-featured-img":"","footer-sml-layout":"","ast-disable-related-posts":"","theme-transparent-header-meta":"","adv-header-id-meta":"","stick-header-meta":"","header-above-stick-meta":"","header-main-stick-meta":"","header-below-stick-meta":"","astra-migrate-meta-layouts":"default","ast-page-background-enabled":"default","ast-page-background-meta":{"desktop":{"background-color":"var(--ast-global-color-5)","background-image":"","background-repeat":"repeat","background-position":"center center","background-size":"auto","background-attachment":"scroll","background-type":"","background-media":"","overlay-type":"","overlay-color":"","overlay-opacity":"","overlay-gradient":""},"tablet":{"background-color":"","background-image":"","background-repeat":"repeat","background-position":"center center","background-size":"auto","background-attachment":"scroll","background-type":"","background-media":"","overlay-type":"","overlay-color":"","overlay-opacity":"","overlay-gradient":""},"mobile":{"background-color":"","background-image":"","background-repeat":"repeat","background-position":"center center","background-size":"auto","background-attachment":"scroll","background-type":"","background-media":"","overlay-type":"","overlay-color":"","overlay-opacity":"","overlay-gradient":""}},"ast-content-background-meta":{"desktop":{"background-color":"var(--ast-global-color-4)","background-image":"","background-repeat":"repeat","background-position":"center center","background-size":"auto","background-attachment":"scroll","background-type":"","background-media":"","overlay-type":"","overlay-color":"","overlay-opacity":"","overlay-gradient":""},"tablet":{"background-color":"var(--ast-global-color-4)","background-image":"","background-repeat":"repeat","background-position":"center center","background-size":"auto","background-attachment":"scroll","background-type":"","background-media":"","overlay-type":"","overlay-color":"","overlay-opacity":"","overlay-gradient":""},"mobile":{"background-color":"var(--ast-global-color-4)","background-image":"","background-repeat":"repeat","background-position":"center center","background-size":"auto","background-attachment":"scroll","background-type":"","background-media":"","overlay-type":"","overlay-color":"","overlay-opacity":"","overlay-gradient":""}},"ngg_post_thumbnail":0,"footnotes":""},"categories":[8,9],"tags":[],"class_list":["post-7055","post","type-post","status-publish","format-standard","has-post-thumbnail","hentry","category-cycle-2","category-cycle-3"],"uagb_featured_image_src":{"full":["https:\/\/reze-steanne-stjoseph.fr\/wp-content\/uploads\/2021\/01\/E5289D4D-228D-476A-A190-FD012F3A618E-scaled.jpeg",1680,2560,false],"thumbnail":["https:\/\/reze-steanne-stjoseph.fr\/wp-content\/uploads\/2021\/01\/E5289D4D-228D-476A-A190-FD012F3A618E-150x150.jpeg",150,150,true],"medium":["https:\/\/reze-steanne-stjoseph.fr\/wp-content\/uploads\/2021\/01\/E5289D4D-228D-476A-A190-FD012F3A618E-197x300.jpeg",197,300,true],"medium_large":["https:\/\/reze-steanne-stjoseph.fr\/wp-content\/uploads\/2021\/01\/E5289D4D-228D-476A-A190-FD012F3A618E-768x1170.jpeg",768,1170,true],"large":["https:\/\/reze-steanne-stjoseph.fr\/wp-content\/uploads\/2021\/01\/E5289D4D-228D-476A-A190-FD012F3A618E-672x1024.jpeg",672,1024,true],"1536x1536":["https:\/\/reze-steanne-stjoseph.fr\/wp-content\/uploads\/2021\/01\/E5289D4D-228D-476A-A190-FD012F3A618E-1008x1536.jpeg",1008,1536,true],"2048x2048":["https:\/\/reze-steanne-stjoseph.fr\/wp-content\/uploads\/2021\/01\/E5289D4D-228D-476A-A190-FD012F3A618E-1344x2048.jpeg",1344,2048,true]},"uagb_author_info":{"display_name":"Laurence","author_link":"https:\/\/reze-steanne-stjoseph.fr\/?author=6"},"uagb_comment_info":0,"uagb_excerpt":"A l\u2019initiative d\u2019un groupe de parents enthousiastes et engag\u00e9s, nous allons mettre en place un potager \u00e0 l\u2019arri\u00e8re de l\u2019\u00e9cole [&hellip;]","_links":{"self":[{"href":"https:\/\/reze-steanne-stjoseph.fr\/index.php?rest_route=\/wp\/v2\/posts\/7055","targetHints":{"allow":["GET"]}}],"collection":[{"href":"https:\/\/reze-steanne-stjoseph.fr\/index.php?rest_route=\/wp\/v2\/posts"}],"about":[{"href":"https:\/\/reze-steanne-stjoseph.fr\/index.php?rest_route=\/wp\/v2\/types\/post"}],"author":[{"embeddable":true,"href":"https:\/\/reze-steanne-stjoseph.fr\/index.php?rest_route=\/wp\/v2\/users\/6"}],"replies":[{"embeddable":true,"href":"https:\/\/reze-steanne-stjoseph.fr\/index.php?rest_route=%2Fwp%2Fv2%2Fcomments&post=7055"}],"version-history":[{"count":3,"href":"https:\/\/reze-steanne-stjoseph.fr\/index.php?rest_route=\/wp\/v2\/posts\/7055\/revisions"}],"predecessor-version":[{"id":9959,"href":"https:\/\/reze-steanne-stjoseph.fr\/index.php?rest_route=\/wp\/v2\/posts\/7055\/revisions\/9959"}],"wp:featuredmedia":[{"embeddable":true,"href":"https:\/\/reze-steanne-stjoseph.fr\/index.php?rest_route=\/wp\/v2\/media\/7056"}],"wp:attachment":[{"href":"https:\/\/reze-steanne-stjoseph.fr\/index.php?rest_route=%2Fwp%2Fv2%2Fmedia&parent=7055"}],"wp:term":[{"taxonomy":"category","embeddable":true,"href":"https:\/\/reze-steanne-stjoseph.fr\/index.php?rest_route=%2Fwp%2Fv2%2Fcategories&post=7055"},{"taxonomy":"post_tag","embeddable":true,"href":"https:\/\/reze-steanne-stjoseph.fr\/index.php?rest_route=%2Fwp%2Fv2%2Ftags&post=7055"}],"curies":[{"name":"wp","href":"https:\/\/api.w.org\/{rel}","templated":true}]}}