{"id":9244,"date":"2022-11-13T13:51:59","date_gmt":"2022-11-13T12:51:59","guid":{"rendered":"https:\/\/reze-steanne-stjoseph.fr\/?p=9244"},"modified":"2023-03-23T09:21:44","modified_gmt":"2023-03-23T08:21:44","slug":"interventions-emc-en-cm2","status":"publish","type":"post","link":"https:\/\/reze-steanne-stjoseph.fr\/?p=9244","title":{"rendered":"Interventions EMC en CM2"},"content":{"rendered":"<p><a href=\"https:\/\/reze-steanne-stjoseph.fr\/wp-content\/uploads\/2022\/11\/IMG_20221113_134023-scaled.jpg\"><img loading=\"lazy\" decoding=\"async\" class=\"aligncenter size-large wp-image-9253\" src=\"https:\/\/reze-steanne-stjoseph.fr\/wp-content\/uploads\/2022\/11\/IMG_20221113_134023-1024x768.jpg\" alt=\"\" width=\"1024\" height=\"768\" srcset=\"https:\/\/reze-steanne-stjoseph.fr\/wp-content\/uploads\/2022\/11\/IMG_20221113_134023-1024x768.jpg 1024w, https:\/\/reze-steanne-stjoseph.fr\/wp-content\/uploads\/2022\/11\/IMG_20221113_134023-300x225.jpg 300w, https:\/\/reze-steanne-stjoseph.fr\/wp-content\/uploads\/2022\/11\/IMG_20221113_134023-768x576.jpg 768w, https:\/\/reze-steanne-stjoseph.fr\/wp-content\/uploads\/2022\/11\/IMG_20221113_134023-1536x1152.jpg 1536w, https:\/\/reze-steanne-stjoseph.fr\/wp-content\/uploads\/2022\/11\/IMG_20221113_134023-2048x1536.jpg 2048w\" sizes=\"auto, (max-width: 1024px) 100vw, 1024px\" \/><\/a><\/p>\r\n\r\n<p>La veille des vacances et le jour de la rentr\u00e9e, les \u00e9l\u00e8ves de CM2 ont re\u00e7u un agent de la SNCF et un gardien de la paix pour des sensibilisations \u00e0 la citoyennet\u00e9.<br>La premi\u00e8re animation avait pour objectif d&#8217;expliquer l&#8217;importance d&#8217;une vigilance accrue aux abords des lignes de chemin de fer ainsi que le comportement \u00e0 adopter \u00e0 bord des transports en commun. La seconde intervention soulignait les dangers d&#8217;Internet et la bonne attitude \u00e0 mettre en place lorsqu&#8217;on l&#8217;utilise.<br>Nicolas nous a propos\u00e9 d&#8217;utiliser le moteur de recherches &#8220;ecosia junior&#8221; dont le contenu est bien adapt\u00e9 \u00e0 notre \u00e2ge. Il nous a aussi orient\u00e9 vers &#8220;youtube kids&#8221; pour les vid\u00e9os et la musique. Nous avons appris que le temps d&#8217;\u00e9cran recommand\u00e9 pour notre \u00e2ge ne doit pas d\u00e9passer 45 min par jour.<br>Nous passerons le &#8220;permis internet&#8221; au mois de janvier. Nous allons le pr\u00e9parer avec la valisette que Nicolas a donn\u00e9 \u00e0 la ma\u00eetresse.<\/p>\r\n","protected":false},"excerpt":{"rendered":"<p>La veille des vacances et le jour de la rentr\u00e9e, les \u00e9l\u00e8ves de CM2 ont re\u00e7u un agent de la [&hellip;]<\/p>\n","protected":false},"author":7,"featured_media":9253,"comment_status":"closed","ping_status":"closed","sticky":false,"template":"","format":"standard","meta":{"_uag_custom_page_level_css":"","site-sidebar-layout":"default","site-content-layout":"","ast-site-content-layout":"default","site-content-style":"default","site-sidebar-style":"default","ast-global-header-display":"","ast-banner-title-visibility":"","ast-main-header-display":"","ast-hfb-above-header-display":"","ast-hfb-below-header-display":"","ast-hfb-mobile-header-display":"","site-post-title":"","ast-breadcrumbs-content":"","ast-featured-img":"","footer-sml-layout":"","ast-disable-related-posts":"","theme-transparent-header-meta":"","adv-header-id-meta":"","stick-header-meta":"","header-above-stick-meta":"","header-main-stick-meta":"","header-below-stick-meta":"","astra-migrate-meta-layouts":"default","ast-page-background-enabled":"default","ast-page-background-meta":{"desktop":{"background-color":"var(--ast-global-color-5)","background-image":"","background-repeat":"repeat","background-position":"center center","background-size":"auto","background-attachment":"scroll","background-type":"","background-media":"","overlay-type":"","overlay-color":"","overlay-opacity":"","overlay-gradient":""},"tablet":{"background-color":"","background-image":"","background-repeat":"repeat","background-position":"center center","background-size":"auto","background-attachment":"scroll","background-type":"","background-media":"","overlay-type":"","overlay-color":"","overlay-opacity":"","overlay-gradient":""},"mobile":{"background-color":"","background-image":"","background-repeat":"repeat","background-position":"center center","background-size":"auto","background-attachment":"scroll","background-type":"","background-media":"","overlay-type":"","overlay-color":"","overlay-opacity":"","overlay-gradient":""}},"ast-content-background-meta":{"desktop":{"background-color":"var(--ast-global-color-4)","background-image":"","background-repeat":"repeat","background-position":"center center","background-size":"auto","background-attachment":"scroll","background-type":"","background-media":"","overlay-type":"","overlay-color":"","overlay-opacity":"","overlay-gradient":""},"tablet":{"background-color":"var(--ast-global-color-4)","background-image":"","background-repeat":"repeat","background-position":"center center","background-size":"auto","background-attachment":"scroll","background-type":"","background-media":"","overlay-type":"","overlay-color":"","overlay-opacity":"","overlay-gradient":""},"mobile":{"background-color":"var(--ast-global-color-4)","background-image":"","background-repeat":"repeat","background-position":"center center","background-size":"auto","background-attachment":"scroll","background-type":"","background-media":"","overlay-type":"","overlay-color":"","overlay-opacity":"","overlay-gradient":""}},"ngg_post_thumbnail":0,"footnotes":""},"categories":[9],"tags":[],"class_list":["post-9244","post","type-post","status-publish","format-standard","has-post-thumbnail","hentry","category-cycle-3"],"uagb_featured_image_src":{"full":["https:\/\/reze-steanne-stjoseph.fr\/wp-content\/uploads\/2022\/11\/IMG_20221113_134023-scaled.jpg",2560,1920,false],"thumbnail":["https:\/\/reze-steanne-stjoseph.fr\/wp-content\/uploads\/2022\/11\/IMG_20221113_134023-150x150.jpg",150,150,true],"medium":["https:\/\/reze-steanne-stjoseph.fr\/wp-content\/uploads\/2022\/11\/IMG_20221113_134023-300x225.jpg",300,225,true],"medium_large":["https:\/\/reze-steanne-stjoseph.fr\/wp-content\/uploads\/2022\/11\/IMG_20221113_134023-768x576.jpg",768,576,true],"large":["https:\/\/reze-steanne-stjoseph.fr\/wp-content\/uploads\/2022\/11\/IMG_20221113_134023-1024x768.jpg",1024,768,true],"1536x1536":["https:\/\/reze-steanne-stjoseph.fr\/wp-content\/uploads\/2022\/11\/IMG_20221113_134023-1536x1152.jpg",1536,1152,true],"2048x2048":["https:\/\/reze-steanne-stjoseph.fr\/wp-content\/uploads\/2022\/11\/IMG_20221113_134023-2048x1536.jpg",2048,1536,true]},"uagb_author_info":{"display_name":"CM2","author_link":"https:\/\/reze-steanne-stjoseph.fr\/?author=7"},"uagb_comment_info":0,"uagb_excerpt":"La veille des vacances et le jour de la rentr\u00e9e, les \u00e9l\u00e8ves de CM2 ont re\u00e7u un agent de la [&hellip;]","_links":{"self":[{"href":"https:\/\/reze-steanne-stjoseph.fr\/index.php?rest_route=\/wp\/v2\/posts\/9244","targetHints":{"allow":["GET"]}}],"collection":[{"href":"https:\/\/reze-steanne-stjoseph.fr\/index.php?rest_route=\/wp\/v2\/posts"}],"about":[{"href":"https:\/\/reze-steanne-stjoseph.fr\/index.php?rest_route=\/wp\/v2\/types\/post"}],"author":[{"embeddable":true,"href":"https:\/\/reze-steanne-stjoseph.fr\/index.php?rest_route=\/wp\/v2\/users\/7"}],"replies":[{"embeddable":true,"href":"https:\/\/reze-steanne-stjoseph.fr\/index.php?rest_route=%2Fwp%2Fv2%2Fcomments&post=9244"}],"version-history":[{"count":3,"href":"https:\/\/reze-steanne-stjoseph.fr\/index.php?rest_route=\/wp\/v2\/posts\/9244\/revisions"}],"predecessor-version":[{"id":9931,"href":"https:\/\/reze-steanne-stjoseph.fr\/index.php?rest_route=\/wp\/v2\/posts\/9244\/revisions\/9931"}],"wp:featuredmedia":[{"embeddable":true,"href":"https:\/\/reze-steanne-stjoseph.fr\/index.php?rest_route=\/wp\/v2\/media\/9253"}],"wp:attachment":[{"href":"https:\/\/reze-steanne-stjoseph.fr\/index.php?rest_route=%2Fwp%2Fv2%2Fmedia&parent=9244"}],"wp:term":[{"taxonomy":"category","embeddable":true,"href":"https:\/\/reze-steanne-stjoseph.fr\/index.php?rest_route=%2Fwp%2Fv2%2Fcategories&post=9244"},{"taxonomy":"post_tag","embeddable":true,"href":"https:\/\/reze-steanne-stjoseph.fr\/index.php?rest_route=%2Fwp%2Fv2%2Ftags&post=9244"}],"curies":[{"name":"wp","href":"https:\/\/api.w.org\/{rel}","templated":true}]}}